{"id":340,"date":"2026-01-27T11:11:36","date_gmt":"2026-01-27T11:11:36","guid":{"rendered":"https:\/\/korn-und-co.de\/?p=340"},"modified":"2026-02-14T15:58:23","modified_gmt":"2026-02-14T15:58:23","slug":"ruckblick-live-show-in-berlin","status":"publish","type":"post","link":"https:\/\/korn-und-co.de\/index.php\/2026\/01\/27\/ruckblick-live-show-in-berlin\/","title":{"rendered":"R\u00fcckblick: unsere Tour 2025"},"content":{"rendered":"\n<p>Unsere Tour 2025 war voller Energie und gro\u00dfartiger Stimmung, ganz unter dem Motto: Korn&amp;Co 2.0. Vielen Dank an alle, die dieses Jahr so besonders gemacht haben. Ein paar Eindr\u00fccke und Highlights finden Sie in K\u00fcrze in unserer Bildergalerie und auf unseren Social-Media-Kan\u00e4len.<\/p>\n","protected":false},"excerpt":{"rendered":"<p>Eine unvergessliche Tour 2025 mit Korn &#038; Co. 2.0 <\/p>\n","protected":false},"author":1,"featured_media":341,"comment_status":"open","ping_status":"closed","sticky":false,"template":"","format":"standard","meta":{"_jetpack_memberships_contains_paid_content":false,"footnotes":""},"categories":[1],"tags":[],"class_list":["post-340","post","type-post","status-publish","format-standard","has-post-thumbnail","hentry","category-uncategorized"],"yoast_head":"<!-- This site is optimized with the Yoast SEO plugin v27.5 - https:\/\/yoast.com\/product\/yoast-seo-wordpress\/ -->\n<title>R\u00fcckblick: unsere Tour 2025 - KORN&amp;CO<\/title>\n<meta name=\"robots\" content=\"index, follow, max-snippet:-1, max-image-preview:large, max-video-preview:-1\" \/>\n<link rel=\"canonical\" href=\"https:\/\/korn-und-co.de\/index.php\/2026\/01\/27\/ruckblick-live-show-in-berlin\/\" \/>\n<meta property=\"og:locale\" content=\"de_DE\" \/>\n<meta property=\"og:type\" content=\"article\" \/>\n<meta property=\"og:title\" content=\"R\u00fcckblick: unsere Tour 2025 - KORN&amp;CO\" \/>\n<meta property=\"og:description\" content=\"Eine unvergessliche Tour 2025 mit Korn &amp; Co. 2.0\" \/>\n<meta property=\"og:url\" content=\"https:\/\/korn-und-co.de\/index.php\/2026\/01\/27\/ruckblick-live-show-in-berlin\/\" \/>\n<meta property=\"og:site_name\" content=\"KORN&amp;CO\" \/>\n<meta property=\"article:publisher\" content=\"https:\/\/www.facebook.com\/kornundco\" \/>\n<meta property=\"article:published_time\" content=\"2026-01-27T11:11:36+00:00\" \/>\n<meta property=\"article:modified_time\" content=\"2026-02-14T15:58:23+00:00\" \/>\n<meta property=\"og:image\" content=\"https:\/\/korn-und-co.de\/wp-content\/uploads\/2026\/01\/istockphoto-178776524-612x612-1.jpg\" \/>\n\t<meta property=\"og:image:width\" content=\"612\" \/>\n\t<meta property=\"og:image:height\" content=\"408\" \/>\n\t<meta property=\"og:image:type\" content=\"image\/jpeg\" \/>\n<meta name=\"author\" content=\"admin\" \/>\n<meta name=\"twitter:card\" content=\"summary_large_image\" \/>\n<meta name=\"twitter:label1\" content=\"Verfasst von\" \/>\n\t<meta name=\"twitter:data1\" content=\"admin\" \/>\n<script type=\"application\/ld+json\" class=\"yoast-schema-graph\">{\"@context\":\"https:\\\/\\\/schema.org\",\"@graph\":[{\"@type\":\"Article\",\"@id\":\"https:\\\/\\\/korn-und-co.de\\\/index.php\\\/2026\\\/01\\\/27\\\/ruckblick-live-show-in-berlin\\\/#article\",\"isPartOf\":{\"@id\":\"https:\\\/\\\/korn-und-co.de\\\/index.php\\\/2026\\\/01\\\/27\\\/ruckblick-live-show-in-berlin\\\/\"},\"author\":{\"name\":\"admin\",\"@id\":\"https:\\\/\\\/korn-und-co.de\\\/#\\\/schema\\\/person\\\/4f6afb0741a3e442f3d9790692ffbf98\"},\"headline\":\"R\u00fcckblick: unsere Tour 2025\",\"datePublished\":\"2026-01-27T11:11:36+00:00\",\"dateModified\":\"2026-02-14T15:58:23+00:00\",\"mainEntityOfPage\":{\"@id\":\"https:\\\/\\\/korn-und-co.de\\\/index.php\\\/2026\\\/01\\\/27\\\/ruckblick-live-show-in-berlin\\\/\"},\"wordCount\":50,\"commentCount\":0,\"publisher\":{\"@id\":\"https:\\\/\\\/korn-und-co.de\\\/#organization\"},\"image\":{\"@id\":\"https:\\\/\\\/korn-und-co.de\\\/index.php\\\/2026\\\/01\\\/27\\\/ruckblick-live-show-in-berlin\\\/#primaryimage\"},\"thumbnailUrl\":\"https:\\\/\\\/korn-und-co.de\\\/wp-content\\\/uploads\\\/2026\\\/01\\\/istockphoto-178776524-612x612-1.jpg\",\"articleSection\":[\"Uncategorized\"],\"inLanguage\":\"de\",\"potentialAction\":[{\"@type\":\"CommentAction\",\"name\":\"Comment\",\"target\":[\"https:\\\/\\\/korn-und-co.de\\\/index.php\\\/2026\\\/01\\\/27\\\/ruckblick-live-show-in-berlin\\\/#respond\"]}]},{\"@type\":\"WebPage\",\"@id\":\"https:\\\/\\\/korn-und-co.de\\\/index.php\\\/2026\\\/01\\\/27\\\/ruckblick-live-show-in-berlin\\\/\",\"url\":\"https:\\\/\\\/korn-und-co.de\\\/index.php\\\/2026\\\/01\\\/27\\\/ruckblick-live-show-in-berlin\\\/\",\"name\":\"R\u00fcckblick: unsere Tour 2025 - KORN&amp;CO\",\"isPartOf\":{\"@id\":\"https:\\\/\\\/korn-und-co.de\\\/#website\"},\"primaryImageOfPage\":{\"@id\":\"https:\\\/\\\/korn-und-co.de\\\/index.php\\\/2026\\\/01\\\/27\\\/ruckblick-live-show-in-berlin\\\/#primaryimage\"},\"image\":{\"@id\":\"https:\\\/\\\/korn-und-co.de\\\/index.php\\\/2026\\\/01\\\/27\\\/ruckblick-live-show-in-berlin\\\/#primaryimage\"},\"thumbnailUrl\":\"https:\\\/\\\/korn-und-co.de\\\/wp-content\\\/uploads\\\/2026\\\/01\\\/istockphoto-178776524-612x612-1.jpg\",\"datePublished\":\"2026-01-27T11:11:36+00:00\",\"dateModified\":\"2026-02-14T15:58:23+00:00\",\"breadcrumb\":{\"@id\":\"https:\\\/\\\/korn-und-co.de\\\/index.php\\\/2026\\\/01\\\/27\\\/ruckblick-live-show-in-berlin\\\/#breadcrumb\"},\"inLanguage\":\"de\",\"potentialAction\":[{\"@type\":\"ReadAction\",\"target\":[\"https:\\\/\\\/korn-und-co.de\\\/index.php\\\/2026\\\/01\\\/27\\\/ruckblick-live-show-in-berlin\\\/\"]}]},{\"@type\":\"ImageObject\",\"inLanguage\":\"de\",\"@id\":\"https:\\\/\\\/korn-und-co.de\\\/index.php\\\/2026\\\/01\\\/27\\\/ruckblick-live-show-in-berlin\\\/#primaryimage\",\"url\":\"https:\\\/\\\/korn-und-co.de\\\/wp-content\\\/uploads\\\/2026\\\/01\\\/istockphoto-178776524-612x612-1.jpg\",\"contentUrl\":\"https:\\\/\\\/korn-und-co.de\\\/wp-content\\\/uploads\\\/2026\\\/01\\\/istockphoto-178776524-612x612-1.jpg\",\"width\":612,\"height\":408,\"caption\":\"Silhouettes of crowd at a rock concert\"},{\"@type\":\"BreadcrumbList\",\"@id\":\"https:\\\/\\\/korn-und-co.de\\\/index.php\\\/2026\\\/01\\\/27\\\/ruckblick-live-show-in-berlin\\\/#breadcrumb\",\"itemListElement\":[{\"@type\":\"ListItem\",\"position\":1,\"name\":\"Start\",\"item\":\"https:\\\/\\\/korn-und-co.de\\\/\"},{\"@type\":\"ListItem\",\"position\":2,\"name\":\"R\u00fcckblick: unsere Tour 2025\"}]},{\"@type\":\"WebSite\",\"@id\":\"https:\\\/\\\/korn-und-co.de\\\/#website\",\"url\":\"https:\\\/\\\/korn-und-co.de\\\/\",\"name\":\"KORN&CO\",\"description\":\"\",\"publisher\":{\"@id\":\"https:\\\/\\\/korn-und-co.de\\\/#organization\"},\"potentialAction\":[{\"@type\":\"SearchAction\",\"target\":{\"@type\":\"EntryPoint\",\"urlTemplate\":\"https:\\\/\\\/korn-und-co.de\\\/?s={search_term_string}\"},\"query-input\":{\"@type\":\"PropertyValueSpecification\",\"valueRequired\":true,\"valueName\":\"search_term_string\"}}],\"inLanguage\":\"de\"},{\"@type\":\"Organization\",\"@id\":\"https:\\\/\\\/korn-und-co.de\\\/#organization\",\"name\":\"KORN&CO\",\"url\":\"https:\\\/\\\/korn-und-co.de\\\/\",\"logo\":{\"@type\":\"ImageObject\",\"inLanguage\":\"de\",\"@id\":\"https:\\\/\\\/korn-und-co.de\\\/#\\\/schema\\\/logo\\\/image\\\/\",\"url\":\"https:\\\/\\\/korn-und-co.de\\\/wp-content\\\/uploads\\\/2026\\\/01\\\/Korn_Co-02.png\",\"contentUrl\":\"https:\\\/\\\/korn-und-co.de\\\/wp-content\\\/uploads\\\/2026\\\/01\\\/Korn_Co-02.png\",\"width\":1650,\"height\":472,\"caption\":\"KORN&CO\"},\"image\":{\"@id\":\"https:\\\/\\\/korn-und-co.de\\\/#\\\/schema\\\/logo\\\/image\\\/\"},\"sameAs\":[\"https:\\\/\\\/www.facebook.com\\\/kornundco\",\"https:\\\/\\\/www.youtube.com\\\/@Korn-und-Co\",\"https:\\\/\\\/www.instagram.com\\\/korn_co_partyband\"]},{\"@type\":\"Person\",\"@id\":\"https:\\\/\\\/korn-und-co.de\\\/#\\\/schema\\\/person\\\/4f6afb0741a3e442f3d9790692ffbf98\",\"name\":\"admin\",\"image\":{\"@type\":\"ImageObject\",\"inLanguage\":\"de\",\"@id\":\"https:\\\/\\\/secure.gravatar.com\\\/avatar\\\/f90549c884d4264221d06f6839acdebaaa78d8ec2f19609f94ceaf3b177cd06e?s=96&d=mm&r=g\",\"url\":\"https:\\\/\\\/secure.gravatar.com\\\/avatar\\\/f90549c884d4264221d06f6839acdebaaa78d8ec2f19609f94ceaf3b177cd06e?s=96&d=mm&r=g\",\"contentUrl\":\"https:\\\/\\\/secure.gravatar.com\\\/avatar\\\/f90549c884d4264221d06f6839acdebaaa78d8ec2f19609f94ceaf3b177cd06e?s=96&d=mm&r=g\",\"caption\":\"admin\"},\"sameAs\":[\"https:\\\/\\\/korn-und-co.de\"],\"url\":\"https:\\\/\\\/korn-und-co.de\\\/index.php\\\/author\\\/admin_m86owhuu\\\/\"}]}<\/script>\n<!-- \/ Yoast SEO plugin. -->","yoast_head_json":{"title":"R\u00fcckblick: unsere Tour 2025 - KORN&amp;CO","robots":{"index":"index","follow":"follow","max-snippet":"max-snippet:-1","max-image-preview":"max-image-preview:large","max-video-preview":"max-video-preview:-1"},"canonical":"https:\/\/korn-und-co.de\/index.php\/2026\/01\/27\/ruckblick-live-show-in-berlin\/","og_locale":"de_DE","og_type":"article","og_title":"R\u00fcckblick: unsere Tour 2025 - KORN&amp;CO","og_description":"Eine unvergessliche Tour 2025 mit Korn & Co. 2.0","og_url":"https:\/\/korn-und-co.de\/index.php\/2026\/01\/27\/ruckblick-live-show-in-berlin\/","og_site_name":"KORN&amp;CO","article_publisher":"https:\/\/www.facebook.com\/kornundco","article_published_time":"2026-01-27T11:11:36+00:00","article_modified_time":"2026-02-14T15:58:23+00:00","og_image":[{"width":612,"height":408,"url":"https:\/\/korn-und-co.de\/wp-content\/uploads\/2026\/01\/istockphoto-178776524-612x612-1.jpg","type":"image\/jpeg"}],"author":"admin","twitter_card":"summary_large_image","twitter_misc":{"Verfasst von":"admin"},"schema":{"@context":"https:\/\/schema.org","@graph":[{"@type":"Article","@id":"https:\/\/korn-und-co.de\/index.php\/2026\/01\/27\/ruckblick-live-show-in-berlin\/#article","isPartOf":{"@id":"https:\/\/korn-und-co.de\/index.php\/2026\/01\/27\/ruckblick-live-show-in-berlin\/"},"author":{"name":"admin","@id":"https:\/\/korn-und-co.de\/#\/schema\/person\/4f6afb0741a3e442f3d9790692ffbf98"},"headline":"R\u00fcckblick: unsere Tour 2025","datePublished":"2026-01-27T11:11:36+00:00","dateModified":"2026-02-14T15:58:23+00:00","mainEntityOfPage":{"@id":"https:\/\/korn-und-co.de\/index.php\/2026\/01\/27\/ruckblick-live-show-in-berlin\/"},"wordCount":50,"commentCount":0,"publisher":{"@id":"https:\/\/korn-und-co.de\/#organization"},"image":{"@id":"https:\/\/korn-und-co.de\/index.php\/2026\/01\/27\/ruckblick-live-show-in-berlin\/#primaryimage"},"thumbnailUrl":"https:\/\/korn-und-co.de\/wp-content\/uploads\/2026\/01\/istockphoto-178776524-612x612-1.jpg","articleSection":["Uncategorized"],"inLanguage":"de","potentialAction":[{"@type":"CommentAction","name":"Comment","target":["https:\/\/korn-und-co.de\/index.php\/2026\/01\/27\/ruckblick-live-show-in-berlin\/#respond"]}]},{"@type":"WebPage","@id":"https:\/\/korn-und-co.de\/index.php\/2026\/01\/27\/ruckblick-live-show-in-berlin\/","url":"https:\/\/korn-und-co.de\/index.php\/2026\/01\/27\/ruckblick-live-show-in-berlin\/","name":"R\u00fcckblick: unsere Tour 2025 - KORN&amp;CO","isPartOf":{"@id":"https:\/\/korn-und-co.de\/#website"},"primaryImageOfPage":{"@id":"https:\/\/korn-und-co.de\/index.php\/2026\/01\/27\/ruckblick-live-show-in-berlin\/#primaryimage"},"image":{"@id":"https:\/\/korn-und-co.de\/index.php\/2026\/01\/27\/ruckblick-live-show-in-berlin\/#primaryimage"},"thumbnailUrl":"https:\/\/korn-und-co.de\/wp-content\/uploads\/2026\/01\/istockphoto-178776524-612x612-1.jpg","datePublished":"2026-01-27T11:11:36+00:00","dateModified":"2026-02-14T15:58:23+00:00","breadcrumb":{"@id":"https:\/\/korn-und-co.de\/index.php\/2026\/01\/27\/ruckblick-live-show-in-berlin\/#breadcrumb"},"inLanguage":"de","potentialAction":[{"@type":"ReadAction","target":["https:\/\/korn-und-co.de\/index.php\/2026\/01\/27\/ruckblick-live-show-in-berlin\/"]}]},{"@type":"ImageObject","inLanguage":"de","@id":"https:\/\/korn-und-co.de\/index.php\/2026\/01\/27\/ruckblick-live-show-in-berlin\/#primaryimage","url":"https:\/\/korn-und-co.de\/wp-content\/uploads\/2026\/01\/istockphoto-178776524-612x612-1.jpg","contentUrl":"https:\/\/korn-und-co.de\/wp-content\/uploads\/2026\/01\/istockphoto-178776524-612x612-1.jpg","width":612,"height":408,"caption":"Silhouettes of crowd at a rock concert"},{"@type":"BreadcrumbList","@id":"https:\/\/korn-und-co.de\/index.php\/2026\/01\/27\/ruckblick-live-show-in-berlin\/#breadcrumb","itemListElement":[{"@type":"ListItem","position":1,"name":"Start","item":"https:\/\/korn-und-co.de\/"},{"@type":"ListItem","position":2,"name":"R\u00fcckblick: unsere Tour 2025"}]},{"@type":"WebSite","@id":"https:\/\/korn-und-co.de\/#website","url":"https:\/\/korn-und-co.de\/","name":"KORN&CO","description":"","publisher":{"@id":"https:\/\/korn-und-co.de\/#organization"},"potentialAction":[{"@type":"SearchAction","target":{"@type":"EntryPoint","urlTemplate":"https:\/\/korn-und-co.de\/?s={search_term_string}"},"query-input":{"@type":"PropertyValueSpecification","valueRequired":true,"valueName":"search_term_string"}}],"inLanguage":"de"},{"@type":"Organization","@id":"https:\/\/korn-und-co.de\/#organization","name":"KORN&CO","url":"https:\/\/korn-und-co.de\/","logo":{"@type":"ImageObject","inLanguage":"de","@id":"https:\/\/korn-und-co.de\/#\/schema\/logo\/image\/","url":"https:\/\/korn-und-co.de\/wp-content\/uploads\/2026\/01\/Korn_Co-02.png","contentUrl":"https:\/\/korn-und-co.de\/wp-content\/uploads\/2026\/01\/Korn_Co-02.png","width":1650,"height":472,"caption":"KORN&CO"},"image":{"@id":"https:\/\/korn-und-co.de\/#\/schema\/logo\/image\/"},"sameAs":["https:\/\/www.facebook.com\/kornundco","https:\/\/www.youtube.com\/@Korn-und-Co","https:\/\/www.instagram.com\/korn_co_partyband"]},{"@type":"Person","@id":"https:\/\/korn-und-co.de\/#\/schema\/person\/4f6afb0741a3e442f3d9790692ffbf98","name":"admin","image":{"@type":"ImageObject","inLanguage":"de","@id":"https:\/\/secure.gravatar.com\/avatar\/f90549c884d4264221d06f6839acdebaaa78d8ec2f19609f94ceaf3b177cd06e?s=96&d=mm&r=g","url":"https:\/\/secure.gravatar.com\/avatar\/f90549c884d4264221d06f6839acdebaaa78d8ec2f19609f94ceaf3b177cd06e?s=96&d=mm&r=g","contentUrl":"https:\/\/secure.gravatar.com\/avatar\/f90549c884d4264221d06f6839acdebaaa78d8ec2f19609f94ceaf3b177cd06e?s=96&d=mm&r=g","caption":"admin"},"sameAs":["https:\/\/korn-und-co.de"],"url":"https:\/\/korn-und-co.de\/index.php\/author\/admin_m86owhuu\/"}]}},"jetpack_featured_media_url":"https:\/\/korn-und-co.de\/wp-content\/uploads\/2026\/01\/istockphoto-178776524-612x612-1.jpg","jetpack_sharing_enabled":true,"_links":{"self":[{"href":"https:\/\/korn-und-co.de\/index.php\/wp-json\/wp\/v2\/posts\/340","targetHints":{"allow":["GET"]}}],"collection":[{"href":"https:\/\/korn-und-co.de\/index.php\/wp-json\/wp\/v2\/posts"}],"about":[{"href":"https:\/\/korn-und-co.de\/index.php\/wp-json\/wp\/v2\/types\/post"}],"author":[{"embeddable":true,"href":"https:\/\/korn-und-co.de\/index.php\/wp-json\/wp\/v2\/users\/1"}],"replies":[{"embeddable":true,"href":"https:\/\/korn-und-co.de\/index.php\/wp-json\/wp\/v2\/comments?post=340"}],"version-history":[{"count":4,"href":"https:\/\/korn-und-co.de\/index.php\/wp-json\/wp\/v2\/posts\/340\/revisions"}],"predecessor-version":[{"id":870,"href":"https:\/\/korn-und-co.de\/index.php\/wp-json\/wp\/v2\/posts\/340\/revisions\/870"}],"wp:featuredmedia":[{"embeddable":true,"href":"https:\/\/korn-und-co.de\/index.php\/wp-json\/wp\/v2\/media\/341"}],"wp:attachment":[{"href":"https:\/\/korn-und-co.de\/index.php\/wp-json\/wp\/v2\/media?parent=340"}],"wp:term":[{"taxonomy":"category","embeddable":true,"href":"https:\/\/korn-und-co.de\/index.php\/wp-json\/wp\/v2\/categories?post=340"},{"taxonomy":"post_tag","embeddable":true,"href":"https:\/\/korn-und-co.de\/index.php\/wp-json\/wp\/v2\/tags?post=340"}],"curies":[{"name":"wp","href":"https:\/\/api.w.org\/{rel}","templated":true}]}}